{"id":917,"date":"2010-02-18T14:24:38","date_gmt":"2010-02-18T13:24:38","guid":{"rendered":"http:\/\/www.whatsonni.com\/blog\/?p=917"},"modified":"2010-02-18T14:42:34","modified_gmt":"2010-02-18T13:42:34","slug":"folk-4-haiti","status":"publish","type":"post","link":"https:\/\/whatsonni.com\/news\/2010\/02\/folk-4-haiti\/","title":{"rendered":"FOLK 4 HAITI"},"content":{"rendered":"<p style=\"text-align: center;\">\n<p align=\"center\"><strong> OVER 15 ACTS &#8211; THE EMPIRE MUSIC HALL, BELFAST <\/strong><\/p>\n<p align=\"center\"><strong> <\/strong><\/p>\n<p align=\"center\"><strong>28<sup>th<\/sup> FEBRUARY 2010, 2pm-12am &#8211; \u00a310.00<\/strong><\/p>\n<p style=\"text-align: center;\" align=\"center\"><strong><a rel=\"attachment wp-att-918\" href=\"http:\/\/www.whatsonni.com\/blog\/?attachment_id=918\"><img loading=\"lazy\" class=\"size-medium wp-image-918 aligncenter\" title=\"Folk4Haitiposter\" src=\"http:\/\/www.whatsonni.com\/blog\/wp-content\/uploads\/2010\/02\/Folk4Haitiposter-212x300.jpg\" alt=\"Folk4Haitiposter\" width=\"127\" height=\"180\" \/><\/a><\/strong><\/p>\n<p>BELFAST 4 HAITI announces \u2018Folk 4 Haiti\u2019, a spectacular day of folk and traditional Irish Music in the Empire Music Hall Belfast, 28<sup>th<\/sup> February from 2pm- 12am. Tickets are priced at \u00a310.00 and can be purchased on the door. All proceeds will go to the Haiti Earthquake Fund of the Disasters Emergency Committee.<\/p>\n<p>Haiti\u2019s strongest earthquake in more than two centuries devastated the Caribbean nation on Tuesday, 12<sup>th<\/sup> January 2010. Belfast 4 Haiti has raised over \u00a341,000 so far and with continued effort more can be raised to aid the people of Haiti. Folk 4 Haiti brings folk and traditional musicians from Belfast and beyond for an amazing day long concert.<\/p>\n<p align=\"center\">\n<p align=\"center\"><strong>Live Acts include:<\/strong><\/p>\n<p align=\"center\"><strong>Anne, Ben and Colm Sands<\/strong><\/p>\n<p align=\"center\"><strong>Gerry O\u2019Connor and Cathal McConnell <\/strong><\/p>\n<p align=\"center\"><strong>Alan Burke<\/strong><\/p>\n<p align=\"center\"><strong>Barry Kerr<\/strong><\/p>\n<p align=\"center\"><strong>The Rapparees <\/strong><\/p>\n<p align=\"center\"><strong>The Pigeon Top<\/strong><\/p>\n<p align=\"center\"><strong>Caoimh\u00edn Mac Giolla Cath\u00e1in (Br\u00e9ag)<\/strong><\/p>\n<p align=\"center\"><strong>Craobh Rua <\/strong><\/p>\n<p align=\"center\"><strong>Alal\u00e9<\/strong><\/p>\n<p align=\"center\"><strong>Conor Caldwell and Kevin Mc Cullagh<\/strong><\/p>\n<p align=\"center\"><strong>Casadh<\/strong><\/p>\n<p align=\"center\"><strong>Cr\u00fab agus B\u00e9al<\/strong><\/p>\n<p align=\"center\"><strong>Clan\u00fa<\/strong><\/p>\n<p align=\"center\"><strong>An Modh D\u00edreach <\/strong><\/p>\n<p align=\"center\"><strong>Conor O\u2019Kane<\/strong><\/p>\n<p align=\"center\"><strong>Breand\u00e1n O\u2019Hare, Ruadhra\u00ed O\u2019Kane and co <\/strong><\/p>\n<p><strong> <\/strong><\/p>\n<p>Please be advised this event is being run to benefit the DEC \u2013 Disasters Emergency Committee.<\/p>\n<p>At times of overseas emergency, the DEC brings together a unique alliance of the aid, corporate, public and broadcasting sectors to rally the nation&#8217;s compassion, and ensure that funds raised go to DEC agencies best placed to deliver effective and timely relief to people most in need. The DEC&#8217;s remit is to unite agency efforts in times of disaster &#8211; such as flood, earthquake or famine &#8211; wherever it happens in the world. The\u00a0way we at DEC\u00a0approach our work\u00a0is to maximise funds raised and ensure they are spent in an effective and fully accountable way.<\/p>\n<p style=\"text-align: center;\"><a rel=\"attachment wp-att-919\" href=\"http:\/\/www.whatsonni.com\/blog\/?attachment_id=919\"><img loading=\"lazy\" class=\"size-medium wp-image-919 aligncenter\" title=\"Folk 4 Haiti logo\" src=\"http:\/\/www.whatsonni.com\/blog\/wp-content\/uploads\/2010\/02\/Folk-4-Haiti-logo-300x212.jpg\" alt=\"Folk 4 Haiti logo\" width=\"210\" height=\"148\" \/><\/a><\/p>\n<p><span style=\"text-decoration: underline;\"><a href=\"http:\/\/www.dec.org.uk\/who_we_are\/\">http:\/\/www.dec.org.uk\/who_we_are\/<\/a><\/span><\/p>\n<p>Charity No:\u00a01062638<\/p>\n<p>DEC HAITI EARTHQUAKE,<\/p>\n<p>PO BOX 999,<\/p>\n<p>LONDON,<\/p>\n<p>EC3A 3AA.<\/p>\n<p><strong> <\/strong><\/p>\n<p>Venue:\u00a0\u00a0\u00a0\u00a0\u00a0\u00a0\u00a0\u00a0\u00a0\u00a0\u00a0\u00a0 The Empire Music Hall, Botanic Avenue, Belfast<\/p>\n<p>Date:\u00a0\u00a0\u00a0\u00a0\u00a0\u00a0\u00a0\u00a0\u00a0\u00a0\u00a0\u00a0\u00a0\u00a0\u00a0\u00a0\u00a0\u00a0\u00a0\u00a0\u00a0\u00a0\u00a0\u00a0\u00a0\u00a0 Sunday 28<sup>th<\/sup> February<\/p>\n<p>Ticket Price.\u00a0\u00a0\u00a0\u00a0\u00a0\u00a0\u00a0\u00a0\u00a0\u00a0\u00a0\u00a0\u00a0\u00a0\u00a0 \u00a310 on the door<\/p>\n<p>Doors:\u00a0\u00a0\u00a0\u00a0\u00a0\u00a0\u00a0\u00a0\u00a0\u00a0\u00a0\u00a0\u00a0\u00a0\u00a0\u00a0\u00a0\u00a0\u00a0\u00a0\u00a0\u00a0\u00a0\u00a0 2pm<\/p>\n<p>You can also donate directly to the Disaster Emergency Committee (DEC) via our <em>Just Giving<\/em> Page at this address:<\/p>\n<p><a href=\"http:\/\/www.justgiving.com\/belfast4haiti\">http:\/\/www.justgiving.com\/belfast4haiti<\/a><\/p>\n<p><strong>For further information please contact M\u00e9abh\/Dee on <\/strong><\/p>\n<p><span style=\"text-decoration: underline;\"><a href=\"mailto:folk4haiti@hotmail.co.uk\"><strong>folk4haiti@hotmail.co.uk<\/strong><\/a><\/span><strong> <\/strong><\/p>\n<p>Up to the minute details on Facebook: <span style=\"text-decoration: underline;\"><a href=\"http:\/\/bit.ly\/folk4haiti\">http:\/\/bit.ly\/folk4haiti<\/a><\/span><\/p>\n<p>and Twitter:\u00a0\u00a0\u00a0 <a href=\"http:\/\/twitter.com\/folk4haiti\"><span style=\"text-decoration: underline;\">http:\/\/twitter.com\/folk4haiti<\/span><\/a><\/p>\n<!-- AddThis Advanced Settings generic via filter on the_content --><!-- AddThis Share Buttons generic via filter on the_content -->","protected":false},"excerpt":{"rendered":"<p>OVER 15 ACTS &#8211; THE EMPIRE MUSIC HALL, BELFAST 28th FEBRUARY 2010, 2pm-12am &#8211; \u00a310.00 BELFAST 4 HAITI announces \u2018Folk 4 Haiti\u2019, a spectacular day of folk and traditional Irish Music in the Empire Music Hall Belfast, 28th February from 2pm- 12am. Tickets are priced at \u00a310.00 and can be purchased on the door. All &hellip; <a href=\"https:\/\/whatsonni.com\/news\/2010\/02\/folk-4-haiti\/\">Continued<\/a><!-- AddThis Advanced Settings generic via filter on wp_trim_excerpt --><!-- AddThis Share Buttons generic via filter on wp_trim_excerpt --><\/p>\n","protected":false},"author":1,"featured_media":0,"comment_status":"open","ping_status":"open","sticky":false,"template":"","format":"standard","meta":[],"categories":[1],"tags":[141,135,146,133,136,148,139,143,145,142,147,140,144,150,152,151,132,134,149,153,138,137],"_links":{"self":[{"href":"https:\/\/whatsonni.com\/news\/wp-json\/wp\/v2\/posts\/917"}],"collection":[{"href":"https:\/\/whatsonni.com\/news\/wp-json\/wp\/v2\/posts"}],"about":[{"href":"https:\/\/whatsonni.com\/news\/wp-json\/wp\/v2\/types\/post"}],"author":[{"embeddable":true,"href":"https:\/\/whatsonni.com\/news\/wp-json\/wp\/v2\/users\/1"}],"replies":[{"embeddable":true,"href":"https:\/\/whatsonni.com\/news\/wp-json\/wp\/v2\/comments?post=917"}],"version-history":[{"count":17,"href":"https:\/\/whatsonni.com\/news\/wp-json\/wp\/v2\/posts\/917\/revisions"}],"predecessor-version":[{"id":922,"href":"https:\/\/whatsonni.com\/news\/wp-json\/wp\/v2\/posts\/917\/revisions\/922"}],"wp:attachment":[{"href":"https:\/\/whatsonni.com\/news\/wp-json\/wp\/v2\/media?parent=917"}],"wp:term":[{"taxonomy":"category","embeddable":true,"href":"https:\/\/whatsonni.com\/news\/wp-json\/wp\/v2\/categories?post=917"},{"taxonomy":"post_tag","embeddable":true,"href":"https:\/\/whatsonni.com\/news\/wp-json\/wp\/v2\/tags?post=917"}],"curies":[{"name":"wp","href":"https:\/\/api.w.org\/{rel}","templated":true}]}}